{"id":956,"date":"2024-03-04T15:05:10","date_gmt":"2024-03-04T15:05:10","guid":{"rendered":"http:\/\/westost.eu\/?p=956"},"modified":"2024-03-04T15:11:30","modified_gmt":"2024-03-04T15:11:30","slug":"putins-lagebericht-und-medwedews-interview","status":"publish","type":"post","link":"http:\/\/westost.eu\/?p=956","title":{"rendered":"Putins Lagebericht und Medwedews Interview"},"content":{"rendered":"\n<p>Am 29. Februar 2024 hielt der russische Pr\u00e4sident Wladimir Putin seinen j\u00e4hrlichen \u201eBericht zur Lage der Nation\u201c vor der F\u00f6deralversammlung (Staatsduma und F\u00f6derationsrat), zu dem die Verfassung ihn verpflichtet. Eberhard Schneider fasst in der RUSSLAND INTERN M\u00e4rz 2024 die wesentlichen Aussagen dieses Berichts und die Aussagen von D. Medwedew aus einem Interview zusammen. <a href=\"http:\/\/westost.eu\/?page_id=332\">Lesen Sie hier RUSSLAND INTERN<\/a>. <\/p>\n","protected":false},"excerpt":{"rendered":"<p>Am 29. Februar 2024 hielt der russische Pr\u00e4sident Wladimir Putin seinen j\u00e4hrlichen \u201eBericht zur Lage der Nation\u201c vor der F\u00f6deralversammlung (Staatsduma und F\u00f6derationsrat), zu dem die Verfassung ihn verpflichtet. Eberhard Schneider fasst in der RUSSLAND INTERN M\u00e4rz 2024 die wesentlichen Aussagen dieses Berichts und die Aussagen von D. Medwedew aus einem Interview zusammen. Lesen Sie &hellip; <a href=\"http:\/\/westost.eu\/?p=956\" class=\"more-link\"><span class=\"screen-reader-text\">Putins Lagebericht und Medwedews Interview<\/span> weiterlesen<\/a><\/p>\n","protected":false},"author":1,"featured_media":713,"comment_status":"closed","ping_status":"closed","sticky":false,"template":"","format":"standard","meta":{"footnotes":""},"categories":[1],"tags":[],"class_list":["post-956","post","type-post","status-publish","format-standard","has-post-thumbnail","hentry","category-uncategorized"],"_links":{"self":[{"href":"http:\/\/westost.eu\/index.php?rest_route=\/wp\/v2\/posts\/956","targetHints":{"allow":["GET"]}}],"collection":[{"href":"http:\/\/westost.eu\/index.php?rest_route=\/wp\/v2\/posts"}],"about":[{"href":"http:\/\/westost.eu\/index.php?rest_route=\/wp\/v2\/types\/post"}],"author":[{"embeddable":true,"href":"http:\/\/westost.eu\/index.php?rest_route=\/wp\/v2\/users\/1"}],"replies":[{"embeddable":true,"href":"http:\/\/westost.eu\/index.php?rest_route=%2Fwp%2Fv2%2Fcomments&post=956"}],"version-history":[{"count":2,"href":"http:\/\/westost.eu\/index.php?rest_route=\/wp\/v2\/posts\/956\/revisions"}],"predecessor-version":[{"id":962,"href":"http:\/\/westost.eu\/index.php?rest_route=\/wp\/v2\/posts\/956\/revisions\/962"}],"wp:featuredmedia":[{"embeddable":true,"href":"http:\/\/westost.eu\/index.php?rest_route=\/wp\/v2\/media\/713"}],"wp:attachment":[{"href":"http:\/\/westost.eu\/index.php?rest_route=%2Fwp%2Fv2%2Fmedia&parent=956"}],"wp:term":[{"taxonomy":"category","embeddable":true,"href":"http:\/\/westost.eu\/index.php?rest_route=%2Fwp%2Fv2%2Fcategories&post=956"},{"taxonomy":"post_tag","embeddable":true,"href":"http:\/\/westost.eu\/index.php?rest_route=%2Fwp%2Fv2%2Ftags&post=956"}],"curies":[{"name":"wp","href":"https:\/\/api.w.org\/{rel}","templated":true}]}}