{"id":847,"date":"2023-02-26T12:45:59","date_gmt":"2023-02-26T12:45:59","guid":{"rendered":"http:\/\/westost.eu\/?p=847"},"modified":"2023-02-26T12:50:07","modified_gmt":"2023-02-26T12:50:07","slug":"zwei-praesidenten-sprachen-am-selben-tag","status":"publish","type":"post","link":"http:\/\/westost.eu\/?p=847","title":{"rendered":"Zwei Pr\u00e4sidenten sprachen am selben Tag"},"content":{"rendered":"\n<p>Am 21. Februar 2023 trug der russische Pr\u00e4sident Wladimir Putin am Vormittag der F\u00f6deralversammlung seine Botschaft zur Lage der Nation vor, zu der von der Verfassung verpflichtet ist. <br>Am Abend desselben Tages sprach der amerikanische Pr\u00e4sident John Biden, der kurz vorher \u00fcberraschend die ukrainische Hauptstadt Kiew besucht hatte, eine halbe Stunde im Warschauer K\u00f6nigsschloss vor etwa 1.000 Teilnehmern. <br><a rel=\"noreferrer noopener\" href=\"http:\/\/westost.eu\/?page_id=332\" target=\"_blank\">Lesen Sie hier die Analyse von Prof. Dr. Eberhard Schneider \/ RUSSLAND INTERN Februar 2023<\/a> <\/p>\n","protected":false},"excerpt":{"rendered":"<p>Am 21. Februar 2023 trug der russische Pr\u00e4sident Wladimir Putin am Vormittag der F\u00f6deralversammlung seine Botschaft zur Lage der Nation vor, zu der von der Verfassung verpflichtet ist. Am Abend desselben Tages sprach der amerikanische Pr\u00e4sident John Biden, der kurz vorher \u00fcberraschend die ukrainische Hauptstadt Kiew besucht hatte, eine halbe Stunde im Warschauer K\u00f6nigsschloss vor &hellip; <a href=\"http:\/\/westost.eu\/?p=847\" class=\"more-link\"><span class=\"screen-reader-text\">Zwei Pr\u00e4sidenten sprachen am selben Tag<\/span> weiterlesen<\/a><\/p>\n","protected":false},"author":1,"featured_media":73,"comment_status":"closed","ping_status":"closed","sticky":false,"template":"","format":"standard","meta":{"footnotes":""},"categories":[1],"tags":[],"class_list":["post-847","post","type-post","status-publish","format-standard","has-post-thumbnail","hentry","category-uncategorized"],"_links":{"self":[{"href":"http:\/\/westost.eu\/index.php?rest_route=\/wp\/v2\/posts\/847","targetHints":{"allow":["GET"]}}],"collection":[{"href":"http:\/\/westost.eu\/index.php?rest_route=\/wp\/v2\/posts"}],"about":[{"href":"http:\/\/westost.eu\/index.php?rest_route=\/wp\/v2\/types\/post"}],"author":[{"embeddable":true,"href":"http:\/\/westost.eu\/index.php?rest_route=\/wp\/v2\/users\/1"}],"replies":[{"embeddable":true,"href":"http:\/\/westost.eu\/index.php?rest_route=%2Fwp%2Fv2%2Fcomments&post=847"}],"version-history":[{"count":3,"href":"http:\/\/westost.eu\/index.php?rest_route=\/wp\/v2\/posts\/847\/revisions"}],"predecessor-version":[{"id":852,"href":"http:\/\/westost.eu\/index.php?rest_route=\/wp\/v2\/posts\/847\/revisions\/852"}],"wp:featuredmedia":[{"embeddable":true,"href":"http:\/\/westost.eu\/index.php?rest_route=\/wp\/v2\/media\/73"}],"wp:attachment":[{"href":"http:\/\/westost.eu\/index.php?rest_route=%2Fwp%2Fv2%2Fmedia&parent=847"}],"wp:term":[{"taxonomy":"category","embeddable":true,"href":"http:\/\/westost.eu\/index.php?rest_route=%2Fwp%2Fv2%2Fcategories&post=847"},{"taxonomy":"post_tag","embeddable":true,"href":"http:\/\/westost.eu\/index.php?rest_route=%2Fwp%2Fv2%2Ftags&post=847"}],"curies":[{"name":"wp","href":"https:\/\/api.w.org\/{rel}","templated":true}]}}