{"id":660,"date":"2021-12-22T16:17:02","date_gmt":"2021-12-22T16:17:02","guid":{"rendered":"http:\/\/westost.eu\/?p=660"},"modified":"2021-12-22T16:17:02","modified_gmt":"2021-12-22T16:17:02","slug":"russland-und-ukraine-ein-kommentar-von-prof-dr-eberhard-schneider-fuer-die-deutsche-welle-zu-den-aktuellen-entwicklungen","status":"publish","type":"post","link":"http:\/\/westost.eu\/?p=660","title":{"rendered":"Russland und Ukraine &#8211; Ein Kommentar von Prof. Dr. Eberhard Schneider f\u00fcr die DEUTSCHE WELLE zu den aktuellen Entwicklungen"},"content":{"rendered":"\n<p>Prof. Schneider sprach heute mit der <strong>&#8222;DEUTSCHEN WELLE&#8220;<\/strong>: <\/p>\n\n\n\n<p>&#8222;Mit der zweimaligen Entsendung von 100.000 Soldaten mit allem schweren Material an die russische Westgrenze zur Ukraine in diesem Jahr und seinen Forderungen an die USA sowie die NATO, keine Staaten mehr in das B\u00fcndnis aufzunehmen, die einst der Sowjetunion angeh\u00f6rten und auf die milit\u00e4rische Zusammenarbeit mit postsowjetischen NATO-Mitgliedern zu verzichten hat sich der russische Pr\u00e4sident Wladimir Putin in eine Falle begeben.<\/p>\n\n\n\n<p><strong>Putin wei\u00df, dass<\/strong> die USA und die NATO diese Bedingungen nicht erf\u00fcllen k\u00f6nnen. Au\u00dferdem kann er nicht alle halben Jahre diese gro\u00dfen Truppenverlegungen hin und zur\u00fcck durchf\u00fchren, denn dann wird diese Ma\u00dfnahme irgendwann unglaubw\u00fcrdig.<br>Die Aufnahme der Ukraine in die NATO ist nicht nur nicht aktuell, sondern auch nicht vorstellbar, solange Kiew nicht auf die Krim und auf die von den Separatisten in den Gebieten Donezk und Luhansk besetzten Territorien f\u00fcr immer verzichtet.<\/p>\n\n\n\n<p><strong>Womit ist nun zu rechnen?<\/strong> Die USA sind bereit, im Januar mit Russland bilaterale Gespr\u00e4che zu f\u00fchren, um Moskaus Sicherheitsvorschl\u00e4ge zu er\u00f6rtern. Die am 15.Dezember vom russischen Au\u00dfenministerium ver\u00f6ffentlichen Vertragsentw\u00fcrfe werden die USA nicht unterschreiben. Die Kosten eines m\u00f6glichen Krieges zwischen Russland und der Ukraine \u00fcberwiegen die Vorteile f\u00fcr Russland bei weitem, denn es w\u00fcrde eine lange und tr\u00e4ge Konfrontation werden, die Unterst\u00fctzung der ukrainischen Armee durch die USA w\u00fcrde deutlich zunehmen, Russland w\u00fcrde in eine diplomatische Isolation geraten, die Wirtschaftssanktionen des Westens w\u00e4ren wesentlich h\u00e4rter als nach der Krimannexion, Russland w\u00fcrde die Sympathien der Ukrainer endg\u00fcltig verlieren und schlie\u00dflich k\u00f6nnte der Krieg in Folge der vielen milit\u00e4rischen russischen Opfer mit einer Destabilisierung der Lage in Russland selbst behaftet sein. <strong>Hoffentlich setzen sich Vernunft und Rationalit\u00e4t durch.<\/strong>&#8222;<\/p>\n","protected":false},"excerpt":{"rendered":"<p>Prof. Schneider sprach heute mit der &#8222;DEUTSCHEN WELLE&#8220;: &#8222;Mit der zweimaligen Entsendung von 100.000 Soldaten mit allem schweren Material an die russische Westgrenze zur Ukraine in diesem Jahr und seinen Forderungen an die USA sowie die NATO, keine Staaten mehr in das B\u00fcndnis aufzunehmen, die einst der Sowjetunion angeh\u00f6rten und auf die milit\u00e4rische Zusammenarbeit mit &hellip; <a href=\"http:\/\/westost.eu\/?p=660\" class=\"more-link\"><span class=\"screen-reader-text\">Russland und Ukraine &#8211; Ein Kommentar von Prof. Dr. Eberhard Schneider f\u00fcr die DEUTSCHE WELLE zu den aktuellen Entwicklungen<\/span> weiterlesen<\/a><\/p>\n","protected":false},"author":1,"featured_media":600,"comment_status":"closed","ping_status":"closed","sticky":false,"template":"","format":"standard","meta":{"footnotes":""},"categories":[1],"tags":[23,11,16,6,18,10,13,12,19,21,17,8,15,26,5,14,25,4,22,20,24,9],"class_list":["post-660","post","type-post","status-publish","format-standard","has-post-thumbnail","hentry","category-uncategorized","tag-destabilisierung","tag-donezk","tag-kiew","tag-konflikt","tag-krieg","tag-krim","tag-kugansk","tag-luhansk","tag-manoever","tag-militaer","tag-moskau","tag-nato","tag-postsowjetische","tag-putin","tag-russland","tag-separatisten","tag-stabilisierung","tag-ulkraine","tag-usa","tag-verlegung","tag-vernunft","tag-westen"],"_links":{"self":[{"href":"http:\/\/westost.eu\/index.php?rest_route=\/wp\/v2\/posts\/660","targetHints":{"allow":["GET"]}}],"collection":[{"href":"http:\/\/westost.eu\/index.php?rest_route=\/wp\/v2\/posts"}],"about":[{"href":"http:\/\/westost.eu\/index.php?rest_route=\/wp\/v2\/types\/post"}],"author":[{"embeddable":true,"href":"http:\/\/westost.eu\/index.php?rest_route=\/wp\/v2\/users\/1"}],"replies":[{"embeddable":true,"href":"http:\/\/westost.eu\/index.php?rest_route=%2Fwp%2Fv2%2Fcomments&post=660"}],"version-history":[{"count":1,"href":"http:\/\/westost.eu\/index.php?rest_route=\/wp\/v2\/posts\/660\/revisions"}],"predecessor-version":[{"id":661,"href":"http:\/\/westost.eu\/index.php?rest_route=\/wp\/v2\/posts\/660\/revisions\/661"}],"wp:featuredmedia":[{"embeddable":true,"href":"http:\/\/westost.eu\/index.php?rest_route=\/wp\/v2\/media\/600"}],"wp:attachment":[{"href":"http:\/\/westost.eu\/index.php?rest_route=%2Fwp%2Fv2%2Fmedia&parent=660"}],"wp:term":[{"taxonomy":"category","embeddable":true,"href":"http:\/\/westost.eu\/index.php?rest_route=%2Fwp%2Fv2%2Fcategories&post=660"},{"taxonomy":"post_tag","embeddable":true,"href":"http:\/\/westost.eu\/index.php?rest_route=%2Fwp%2Fv2%2Ftags&post=660"}],"curies":[{"name":"wp","href":"https:\/\/api.w.org\/{rel}","templated":true}]}}